{"id":3159,"date":"2023-12-28T09:36:14","date_gmt":"2023-12-28T08:36:14","guid":{"rendered":"https:\/\/refonte.dac-varouest.fr\/?p=3159"},"modified":"2023-12-28T09:36:16","modified_gmt":"2023-12-28T08:36:16","slug":"retour-sur-la-1ere-edition-de-latelier-sante-social-du-dac-var-ouest","status":"publish","type":"post","link":"https:\/\/dac-varouest.fr\/index.php\/2023\/12\/28\/retour-sur-la-1ere-edition-de-latelier-sante-social-du-dac-var-ouest\/","title":{"rendered":"Retour sur la 1\u00e8re \u00c9dition de l&#8217;Atelier Sant\u00e9 Social du DAC Var Ouest"},"content":{"rendered":"\n<div style=\"height:10px\" aria-hidden=\"true\" class=\"wp-block-spacer\"><\/div>\n\n\n\n<figure class=\"wp-block-image size-large\"><a href=\"http:\/\/bit.ly\/3NFt8eG\" target=\"_blank\" rel=\"noreferrer noopener\"><img data-recalc-dims=\"1\" height=\"575\" width=\"1024\" decoding=\"async\" src=\"https:\/\/i0.wp.com\/dac-varouest.fr\/wp-content\/uploads\/2023\/12\/CR-atelier-sante-social-71223-DACVO.png?resize=1024%2C575&#038;ssl=1\" alt=\"\" class=\"wp-image-3160\"\/><\/a><\/figure>\n\n\n\n<div style=\"height:10px\" aria-hidden=\"true\" class=\"wp-block-spacer\"><\/div>\n\n\n\n<p>L&#8217;Atelier Sant\u00e9 Social du DAC Var Ouest du 7 d\u00e9cembre dernier a r\u00e9uni une communaut\u00e9 de professionnels d\u00e9di\u00e9s, cr\u00e9ant un espace unique pour \u00e9changer.<\/p>\n\n\n\n<p><strong>Cette rencontre a \u00e9t\u00e9 l&#8217;occasion de mettre en lumi\u00e8re le travail et les contributions significatives du <a href=\"https:\/\/refonte.dac-varouest.fr\/index.php\/var-ouest\/\" data-type=\"link\" data-id=\"https:\/\/refonte.dac-varouest.fr\/index.php\/var-ouest\/\" target=\"_blank\" rel=\"noreferrer noopener\">DAC Var Ouest<\/a> et de ses partenaires sur le territoire.<\/strong><\/p>\n\n\n\n<div style=\"height:10px\" aria-hidden=\"true\" class=\"wp-block-spacer\"><\/div>\n\n\n\n<h2 class=\"wp-block-heading\">Un Rassemblement In\u00e9dit<\/h2>\n\n\n\n<p>Cet \u00e9v\u00e9nement a r\u00e9uni plus de <strong>350 professionnels issus de divers horizons<\/strong>, cr\u00e9ant un espace dynamique pour l&#8217;\u00e9change et la collaboration. La pr\u00e9sence de repr\u00e9sentants d&#8217;organisations influentes a enrichi chaque discussion, favorisant un climat d&#8217;interconnaissance et de coop\u00e9ration.<\/p>\n\n\n\n<div style=\"height:10px\" aria-hidden=\"true\" class=\"wp-block-spacer\"><\/div>\n\n\n\n<h2 class=\"wp-block-heading\">\u00c9changes et Synergies<\/h2>\n\n\n\n<p>Les conversations entre les participants \u00e9taient le c\u0153ur vibrant de l&#8217;atelier. Chaque interaction refl\u00e9tait <strong>notre engagement commun en faveur de l&#8217;am\u00e9lioration des parcours<\/strong>. C&#8217;\u00e9tait l&#8217;occasion de nouer des liens, de partager des exp\u00e9riences et de s&#8217;inspirer les uns les autres.<\/p>\n\n\n\n<div style=\"height:10px\" aria-hidden=\"true\" class=\"wp-block-spacer\"><\/div>\n\n\n\n<h2 class=\"wp-block-heading\">Des Moments Forts et Inspirants<\/h2>\n\n\n\n<p>Les pr\u00e9sentations ont offert des perspectives concr\u00e8tes, engageant des discussions riches et productives. Ces moments forts ont permis aux participants de s&#8217;immerger dans des sujets vari\u00e9s, allant des d\u00e9fis actuels aux strat\u00e9gies d&#8217;avenir.<\/p>\n\n\n\n<div style=\"height:10px\" aria-hidden=\"true\" class=\"wp-block-spacer\"><\/div>\n\n\n\n<h2 class=\"wp-block-heading\">La Joie de la Participation<\/h2>\n\n\n\n<p>Au-del\u00e0 des sessions formelles, l&#8217;atelier a brill\u00e9 par ses moments informels. Les moments de pause ont \u00e9t\u00e9 l&#8217;occasion de partages authentiques renfor\u00e7ant le sentiment de communaut\u00e9 entre les participants.<\/p>\n\n\n\n<div style=\"height:10px\" aria-hidden=\"true\" class=\"wp-block-spacer\"><\/div>\n\n\n\n<p>L\u2019<strong>Atelier Sant\u00e9 Social du DAC Var Ouest<\/strong>&nbsp;a non seulement <strong>renforc\u00e9 les liens professionnels<\/strong>, mais a aussi ouvert des portes vers de <strong>nouvelles collaborations<\/strong>. Le succ\u00e8s de cet \u00e9v\u00e9nement est le reflet de l&#8217;engagement des participants.<\/p>\n\n\n\n<p>Pour retrouver les moments forts de cet \u00e9v\u00e9nement et les r\u00e9sultats de l&#8217;enqu\u00eate de satisfaction, nous vous invitons \u00e0 consulter le support disponible via le lien suivant <a href=\"https:\/\/view.genial.ly\/6569ada0718ccb00144604d3\">compte rendu atelier sant\u00e9 social DAC VO<\/a>.&nbsp; <\/p>\n\n\n\n<p>Au plaisir de vous retrouver en 2024 pour la poursuite des projets en cours et bien d&#8217;autres \u00e0 venir !<\/p>\n","protected":false},"excerpt":{"rendered":"<p>L&#8217;Atelier Sant\u00e9 Social du DAC Var Ouest du 7 d\u00e9cembre dernier a r\u00e9uni une communaut\u00e9 de professionnels d\u00e9di\u00e9s, cr\u00e9ant un espace unique pour \u00e9changer. Cette rencontre a \u00e9t\u00e9 l&#8217;occasion de mettre en lumi\u00e8re le travail et les contributions significatives du DAC Var Ouest et de ses partenaires sur le territoire. Un Rassemblement In\u00e9dit Cet \u00e9v\u00e9nement <\/p>\n","protected":false},"author":4,"featured_media":3160,"comment_status":"open","ping_status":"open","sticky":false,"template":"","format":"standard","meta":{"_acf_changed":false,"advanced_seo_description":"L'Atelier Sant\u00e9 Social du DAC Var Ouest du 7 d\u00e9cembre dernier a r\u00e9uni une communaut\u00e9 de professionnels d\u00e9di\u00e9s, cr\u00e9ant un espace unique pour \u00e9changer.","jetpack_seo_html_title":"Retour sur la 1\u00e8re \u00c9dition de l'Atelier Sant\u00e9 Social du DAC Var Ouest","jetpack_seo_noindex":false,"footnotes":"","jetpack_publicize_message":"","jetpack_publicize_feature_enabled":true,"jetpack_social_post_already_shared":false,"jetpack_social_options":{"image_generator_settings":{"template":"highway","default_image_id":0,"font":"","enabled":false},"version":2}},"categories":[13],"tags":[],"class_list":["post-3159","post","type-post","status-publish","format-standard","has-post-thumbnail","hentry","category-actualite"],"acf":[],"jetpack_publicize_connections":[],"jetpack_featured_media_url":"https:\/\/i0.wp.com\/dac-varouest.fr\/wp-content\/uploads\/2023\/12\/CR-atelier-sante-social-71223-DACVO.png?fit=1646%2C925&ssl=1","_links":{"self":[{"href":"https:\/\/dac-varouest.fr\/index.php\/wp-json\/wp\/v2\/posts\/3159","targetHints":{"allow":["GET"]}}],"collection":[{"href":"https:\/\/dac-varouest.fr\/index.php\/wp-json\/wp\/v2\/posts"}],"about":[{"href":"https:\/\/dac-varouest.fr\/index.php\/wp-json\/wp\/v2\/types\/post"}],"author":[{"embeddable":true,"href":"https:\/\/dac-varouest.fr\/index.php\/wp-json\/wp\/v2\/users\/4"}],"replies":[{"embeddable":true,"href":"https:\/\/dac-varouest.fr\/index.php\/wp-json\/wp\/v2\/comments?post=3159"}],"version-history":[{"count":3,"href":"https:\/\/dac-varouest.fr\/index.php\/wp-json\/wp\/v2\/posts\/3159\/revisions"}],"predecessor-version":[{"id":3163,"href":"https:\/\/dac-varouest.fr\/index.php\/wp-json\/wp\/v2\/posts\/3159\/revisions\/3163"}],"wp:featuredmedia":[{"embeddable":true,"href":"https:\/\/dac-varouest.fr\/index.php\/wp-json\/wp\/v2\/media\/3160"}],"wp:attachment":[{"href":"https:\/\/dac-varouest.fr\/index.php\/wp-json\/wp\/v2\/media?parent=3159"}],"wp:term":[{"taxonomy":"category","embeddable":true,"href":"https:\/\/dac-varouest.fr\/index.php\/wp-json\/wp\/v2\/categories?post=3159"},{"taxonomy":"post_tag","embeddable":true,"href":"https:\/\/dac-varouest.fr\/index.php\/wp-json\/wp\/v2\/tags?post=3159"}],"curies":[{"name":"wp","href":"https:\/\/api.w.org\/{rel}","templated":true}]}}